{"id":612,"date":"2021-08-30T12:26:55","date_gmt":"2021-08-30T10:26:55","guid":{"rendered":"https:\/\/doinakraal.com\/blog\/?p=612"},"modified":"2021-08-30T12:30:38","modified_gmt":"2021-08-30T10:30:38","slug":"departures","status":"publish","type":"post","link":"https:\/\/doinakraal.com\/blog\/?p=612","title":{"rendered":"Departures"},"content":{"rendered":"\n<figure class=\"wp-block-image size-large\"><a href=\"https:\/\/doinakraal.com\/blog\/wp-content\/uploads\/2021\/08\/plyer_departures_online-beeld-2.png\"><img decoding=\"async\" src=\"https:\/\/doinakraal.com\/blog\/wp-content\/uploads\/2021\/08\/plyer_departures_online-beeld-2-1024x724.png\" alt=\"\" width=\"500\"\/>\n\n\n\n<p><strong>DEPARTURES<\/strong><br \/>3 September &#8211; 21 October 2021<br \/><br \/>At the exhibition Departures at <a href=\"https:\/\/thisismama.nl\/en\/events\/general\/departures\/\">MAMA<\/a> in Rotterdam, Doina Kraal will present her installation\u00a0<em>Touche-\u00e0-Tout.\u00a0<\/em>During the opening Kraal will look back on the journey she made with Touche-\u00e0-Tout and peer into the future, in a musical performance.<\/p>\n\n\n\n<p>Departures investigates whether it is possible to bid farewell to the current tourism industry and the relationship between tourism and present-day (neo-)colonial power relations. The works in this exhibition have their individual geographies. The artist has already made a journey and takes the visitor with them. Through their approach and creative process, we discover what their respective starting points have been. Some works speak of tourism\u2019s visual culture; others reflect on the tourism industry from a decolonial perspective or offer a \u2018tool\u2019 to broaden your view. This travel agency operates along these different departure points. The works activate sensory and contemplative forms of travel that initiate a different experience of place, context and navigation.<\/p>\n\n\n\n<p>Artists: Alexandra Martens Serrano, De Ansichten Club, Doina Kraal, Irene de Andr\u00e9s, Marina Planas, Sof\u00eda Gallis\u00e1 Muriente, Wa\u00e8l el Allouche<\/p>\n\n\n\n<p>Witte de Withstraat 29 &#8211; 31, 3012 BL Rotterdam<\/p>\n<\/a><\/figure>","protected":false},"excerpt":{"rendered":"<p>DEPARTURES3 September &#8211; 21 October 2021 At the exhibition Departures at MAMA in Rotterdam, Doina Kraal will present her installation\u00a0Touche-\u00e0-Tout.\u00a0During the opening Kraal will look back on the journey she made with Touche-\u00e0-Tout and peer into the future, in a musical performance. Departures investigates whether it is possible to bid farewell to the current tourism [&hellip;]<\/p>\n","protected":false},"author":2,"featured_media":0,"comment_status":"closed","ping_status":"closed","sticky":false,"template":"","format":"standard","meta":{"footnotes":""},"categories":[1],"tags":[],"class_list":["post-612","post","type-post","status-publish","format-standard","hentry","category-uncategorized"],"_links":{"self":[{"href":"https:\/\/doinakraal.com\/blog\/index.php?rest_route=\/wp\/v2\/posts\/612","targetHints":{"allow":["GET"]}}],"collection":[{"href":"https:\/\/doinakraal.com\/blog\/index.php?rest_route=\/wp\/v2\/posts"}],"about":[{"href":"https:\/\/doinakraal.com\/blog\/index.php?rest_route=\/wp\/v2\/types\/post"}],"author":[{"embeddable":true,"href":"https:\/\/doinakraal.com\/blog\/index.php?rest_route=\/wp\/v2\/users\/2"}],"replies":[{"embeddable":true,"href":"https:\/\/doinakraal.com\/blog\/index.php?rest_route=%2Fwp%2Fv2%2Fcomments&post=612"}],"version-history":[{"count":9,"href":"https:\/\/doinakraal.com\/blog\/index.php?rest_route=\/wp\/v2\/posts\/612\/revisions"}],"predecessor-version":[{"id":623,"href":"https:\/\/doinakraal.com\/blog\/index.php?rest_route=\/wp\/v2\/posts\/612\/revisions\/623"}],"wp:attachment":[{"href":"https:\/\/doinakraal.com\/blog\/index.php?rest_route=%2Fwp%2Fv2%2Fmedia&parent=612"}],"wp:term":[{"taxonomy":"category","embeddable":true,"href":"https:\/\/doinakraal.com\/blog\/index.php?rest_route=%2Fwp%2Fv2%2Fcategories&post=612"},{"taxonomy":"post_tag","embeddable":true,"href":"https:\/\/doinakraal.com\/blog\/index.php?rest_route=%2Fwp%2Fv2%2Ftags&post=612"}],"curies":[{"name":"wp","href":"https:\/\/api.w.org\/{rel}","templated":true}]}}